{"id":3962,"date":"2025-10-10T15:21:02","date_gmt":"2025-10-10T13:21:02","guid":{"rendered":"http:\/\/visitlab.cineca.it\/?p=3962"},"modified":"2025-10-10T15:21:02","modified_gmt":"2025-10-10T13:21:02","slug":"scuola-di-computer-grafica-2025","status":"publish","type":"post","link":"https:\/\/visitlab.cineca.it\/index.php\/2025\/10\/10\/scuola-di-computer-grafica-2025\/","title":{"rendered":"Scuola di Computer Grafica 2025"},"content":{"rendered":"\n<figure class=\"wp-block-image size-large\"><img loading=\"lazy\" decoding=\"async\" width=\"1024\" height=\"646\" src=\"http:\/\/131.175.207.45\/wp-content\/uploads\/2025\/10\/IMG-20251010-WA0008-1024x646.jpg\" alt=\"\" class=\"wp-image-3963\" srcset=\"https:\/\/visitlab.cineca.it\/wp-content\/uploads\/2025\/10\/IMG-20251010-WA0008-1024x646.jpg 1024w, https:\/\/visitlab.cineca.it\/wp-content\/uploads\/2025\/10\/IMG-20251010-WA0008-300x189.jpg 300w, https:\/\/visitlab.cineca.it\/wp-content\/uploads\/2025\/10\/IMG-20251010-WA0008-768x484.jpg 768w, https:\/\/visitlab.cineca.it\/wp-content\/uploads\/2025\/10\/IMG-20251010-WA0008-1536x969.jpg 1536w, https:\/\/visitlab.cineca.it\/wp-content\/uploads\/2025\/10\/IMG-20251010-WA0008-2048x1291.jpg 2048w, https:\/\/visitlab.cineca.it\/wp-content\/uploads\/2025\/10\/IMG-20251010-WA0008-150x95.jpg 150w\" sizes=\"auto, (max-width: 1024px) 100vw, 1024px\" \/><\/figure>\n\n\n\n<p>E con oggi si conclude la <strong>21a edizione della Scuola di Computer Grafica per i Beni Culturali<\/strong>. <\/p>\n\n\n\n<p>Si \u00e8 trattato di una edizione veramente speciale. Organizzata insieme ad <strong>INAF<\/strong>, in collaborazione con l&#8217;<strong>Universit\u00e0 di Palermo<\/strong> e con la grande ospitalit\u00e0 del <strong>CNR<\/strong>, quest&#8217;anno la Scuola si \u00e8 tenuta a Palermo.<\/p>\n\n\n\n<p>Gli studenti, a differenza del solito, avevano una formazione prevalentemente scientifica e il corso ha goduto di una serie di interventi di docenti INAF e Universit\u00e0 di Palermo, che hanno integrato gli approfondimenti sulla visualizzazione scientifica.<\/p>\n\n\n\n<p>Aspettiamo trepidanti i risultati dei questionari di valutazione. Nel frattempo, abbiamo gi\u00e0 avuto idee interessanti per la prossima edizione, sempre in collaborazione con i nostri amici di INAF.<\/p>\n\n\n\n<p>Stay tuned!<\/p>\n\n\n\n<p><\/p>\n\n\n\n<figure class=\"wp-block-image size-large\"><img loading=\"lazy\" decoding=\"async\" width=\"1024\" height=\"350\" src=\"http:\/\/131.175.207.45\/wp-content\/uploads\/2025\/10\/20251007_122345-1024x350.jpg\" alt=\"\" class=\"wp-image-3967\" srcset=\"https:\/\/visitlab.cineca.it\/wp-content\/uploads\/2025\/10\/20251007_122345-1024x350.jpg 1024w, https:\/\/visitlab.cineca.it\/wp-content\/uploads\/2025\/10\/20251007_122345-300x103.jpg 300w, https:\/\/visitlab.cineca.it\/wp-content\/uploads\/2025\/10\/20251007_122345-768x263.jpg 768w, https:\/\/visitlab.cineca.it\/wp-content\/uploads\/2025\/10\/20251007_122345-1536x525.jpg 1536w, https:\/\/visitlab.cineca.it\/wp-content\/uploads\/2025\/10\/20251007_122345-2048x700.jpg 2048w, https:\/\/visitlab.cineca.it\/wp-content\/uploads\/2025\/10\/20251007_122345-150x51.jpg 150w\" sizes=\"auto, (max-width: 1024px) 100vw, 1024px\" \/><\/figure>\n","protected":false},"excerpt":{"rendered":"<p>E con oggi si conclude la 21a edizione della Scuola di Computer Grafica per i Beni Culturali. Si \u00e8 trattato di una edizione veramente speciale. Organizzata insieme ad INAF, in collaborazione con l&#8217;Universit\u00e0 di Palermo e con la grande ospitalit\u00e0 del CNR, quest&#8217;anno la Scuola si \u00e8 tenuta a Palermo. Gli studenti, a differenza del [&hellip;]<\/p>\n","protected":false},"author":2,"featured_media":3965,"comment_status":"open","ping_status":"closed","sticky":false,"template":"","format":"standard","meta":{"footnotes":""},"categories":[6],"tags":[],"class_list":["post-3962","post","type-post","status-publish","format-standard","has-post-thumbnail","hentry","category-formazione"],"blocksy_meta":[],"_links":{"self":[{"href":"https:\/\/visitlab.cineca.it\/index.php\/wp-json\/wp\/v2\/posts\/3962","targetHints":{"allow":["GET"]}}],"collection":[{"href":"https:\/\/visitlab.cineca.it\/index.php\/wp-json\/wp\/v2\/posts"}],"about":[{"href":"https:\/\/visitlab.cineca.it\/index.php\/wp-json\/wp\/v2\/types\/post"}],"author":[{"embeddable":true,"href":"https:\/\/visitlab.cineca.it\/index.php\/wp-json\/wp\/v2\/users\/2"}],"replies":[{"embeddable":true,"href":"https:\/\/visitlab.cineca.it\/index.php\/wp-json\/wp\/v2\/comments?post=3962"}],"version-history":[{"count":7,"href":"https:\/\/visitlab.cineca.it\/index.php\/wp-json\/wp\/v2\/posts\/3962\/revisions"}],"predecessor-version":[{"id":3972,"href":"https:\/\/visitlab.cineca.it\/index.php\/wp-json\/wp\/v2\/posts\/3962\/revisions\/3972"}],"wp:featuredmedia":[{"embeddable":true,"href":"https:\/\/visitlab.cineca.it\/index.php\/wp-json\/wp\/v2\/media\/3965"}],"wp:attachment":[{"href":"https:\/\/visitlab.cineca.it\/index.php\/wp-json\/wp\/v2\/media?parent=3962"}],"wp:term":[{"taxonomy":"category","embeddable":true,"href":"https:\/\/visitlab.cineca.it\/index.php\/wp-json\/wp\/v2\/categories?post=3962"},{"taxonomy":"post_tag","embeddable":true,"href":"https:\/\/visitlab.cineca.it\/index.php\/wp-json\/wp\/v2\/tags?post=3962"}],"curies":[{"name":"wp","href":"https:\/\/api.w.org\/{rel}","templated":true}]}}